{"id":3105,"date":"2025-09-07T16:12:42","date_gmt":"2025-09-07T16:12:42","guid":{"rendered":"https:\/\/brugg-west.ch\/?p=3105"},"modified":"2025-10-04T15:06:39","modified_gmt":"2025-10-04T15:06:39","slug":"zirkus-und-quartierfest","status":"publish","type":"post","link":"https:\/\/brugg-west.ch\/?p=3105","title":{"rendered":"Zirkus und Quartierfest"},"content":{"rendered":"\n<p>Am 12. September laden wir alle herzlich ein am Quartierfest zum Jubil\u00e4um des Schulhauses dabei zu sein.<br>Die Kinder der Schule Bodenacker zeigen am Freitag in einer tollen Zirkusshow, was sie in der Woche alles gelernt haben. Diese Auff\u00fchrungen k\u00f6nnen direkt im Zirkuszelt gesehen werden, aber auch &#8211; wenn man keines der begehrten Tickets ergattert hat &#8211; ins Festzelt \u00fcbertragen. Man kann bei Burger, Kuchen, Getr\u00e4nk, etc. sich die Show gem\u00fctlich am grossen LCD-Screen anschauen. <\/p>\n\n\n\n<div class=\"wp-block-columns is-layout-flex wp-container-core-columns-is-layout-9d6595d7 wp-block-columns-is-layout-flex\">\n<div class=\"wp-block-column is-layout-flow wp-block-column-is-layout-flow\" style=\"flex-basis:100%\"><\/div>\n<\/div>\n\n\n\n<div class=\"wp-block-columns is-layout-flex wp-container-core-columns-is-layout-9d6595d7 wp-block-columns-is-layout-flex\">\n<div class=\"wp-block-column is-layout-flow wp-block-column-is-layout-flow\">\n<figure class=\"wp-block-image size-large\"><img fetchpriority=\"high\" decoding=\"async\" width=\"709\" height=\"1024\" src=\"https:\/\/brugg-west.ch\/wp-content\/uploads\/2025\/09\/Flyer_01-Copy-1-709x1024.png\" alt=\"\" class=\"wp-image-3107\" srcset=\"https:\/\/brugg-west.ch\/wp-content\/uploads\/2025\/09\/Flyer_01-Copy-1-709x1024.png 709w, https:\/\/brugg-west.ch\/wp-content\/uploads\/2025\/09\/Flyer_01-Copy-1-208x300.png 208w, https:\/\/brugg-west.ch\/wp-content\/uploads\/2025\/09\/Flyer_01-Copy-1-768x1109.png 768w, https:\/\/brugg-west.ch\/wp-content\/uploads\/2025\/09\/Flyer_01-Copy-1.png 871w\" sizes=\"(max-width: 709px) 100vw, 709px\" \/><\/figure>\n<\/div>\n\n\n\n<div class=\"wp-block-column is-layout-flow wp-block-column-is-layout-flow\">\n<figure class=\"wp-block-image size-large\"><img decoding=\"async\" width=\"709\" height=\"1024\" src=\"https:\/\/brugg-west.ch\/wp-content\/uploads\/2025\/09\/Flyer_02-Copy-709x1024.png\" alt=\"\" class=\"wp-image-3108\" srcset=\"https:\/\/brugg-west.ch\/wp-content\/uploads\/2025\/09\/Flyer_02-Copy-709x1024.png 709w, https:\/\/brugg-west.ch\/wp-content\/uploads\/2025\/09\/Flyer_02-Copy-208x300.png 208w, https:\/\/brugg-west.ch\/wp-content\/uploads\/2025\/09\/Flyer_02-Copy-768x1110.png 768w, https:\/\/brugg-west.ch\/wp-content\/uploads\/2025\/09\/Flyer_02-Copy.png 870w\" sizes=\"(max-width: 709px) 100vw, 709px\" \/><\/figure>\n<\/div>\n\n\n\n<div class=\"wp-block-column is-layout-flow wp-block-column-is-layout-flow\">\n<figure class=\"wp-block-image size-large\"><img decoding=\"async\" width=\"730\" height=\"1024\" src=\"https:\/\/brugg-west.ch\/wp-content\/uploads\/2025\/09\/Flyer_Preisliste-730x1024.png\" alt=\"\" class=\"wp-image-3109\" srcset=\"https:\/\/brugg-west.ch\/wp-content\/uploads\/2025\/09\/Flyer_Preisliste-730x1024.png 730w, https:\/\/brugg-west.ch\/wp-content\/uploads\/2025\/09\/Flyer_Preisliste-214x300.png 214w, https:\/\/brugg-west.ch\/wp-content\/uploads\/2025\/09\/Flyer_Preisliste-768x1077.png 768w, https:\/\/brugg-west.ch\/wp-content\/uploads\/2025\/09\/Flyer_Preisliste.png 864w\" sizes=\"(max-width: 730px) 100vw, 730px\" \/><\/figure>\n<\/div>\n<\/div>\n\n\n\n<div class=\"wp-block-columns is-layout-flex wp-container-core-columns-is-layout-9d6595d7 wp-block-columns-is-layout-flex\">\n<div class=\"wp-block-column is-layout-flow wp-block-column-is-layout-flow\">\n<figure class=\"wp-block-image size-large\"><img loading=\"lazy\" decoding=\"async\" width=\"710\" height=\"1024\" src=\"https:\/\/brugg-west.ch\/wp-content\/uploads\/2025\/09\/Flyer_02-710x1024.png\" alt=\"\" class=\"wp-image-3110\" srcset=\"https:\/\/brugg-west.ch\/wp-content\/uploads\/2025\/09\/Flyer_02-710x1024.png 710w, https:\/\/brugg-west.ch\/wp-content\/uploads\/2025\/09\/Flyer_02-208x300.png 208w, https:\/\/brugg-west.ch\/wp-content\/uploads\/2025\/09\/Flyer_02-768x1108.png 768w, https:\/\/brugg-west.ch\/wp-content\/uploads\/2025\/09\/Flyer_02.png 871w\" sizes=\"(max-width: 710px) 100vw, 710px\" \/><\/figure>\n<\/div>\n\n\n\n<div class=\"wp-block-column is-layout-flow wp-block-column-is-layout-flow\">\n<figure class=\"wp-block-image size-large\"><img loading=\"lazy\" decoding=\"async\" width=\"709\" height=\"1024\" src=\"https:\/\/brugg-west.ch\/wp-content\/uploads\/2025\/09\/Flyer_01-709x1024.png\" alt=\"\" class=\"wp-image-3111\" srcset=\"https:\/\/brugg-west.ch\/wp-content\/uploads\/2025\/09\/Flyer_01-709x1024.png 709w, https:\/\/brugg-west.ch\/wp-content\/uploads\/2025\/09\/Flyer_01-208x300.png 208w, https:\/\/brugg-west.ch\/wp-content\/uploads\/2025\/09\/Flyer_01-768x1109.png 768w, https:\/\/brugg-west.ch\/wp-content\/uploads\/2025\/09\/Flyer_01.png 871w\" sizes=\"(max-width: 709px) 100vw, 709px\" \/><\/figure>\n<\/div>\n\n\n\n<div class=\"wp-block-column is-layout-flow wp-block-column-is-layout-flow\"><\/div>\n<\/div>\n","protected":false},"excerpt":{"rendered":"<p>Am 12. September laden wir alle herzlich ein am Quartierfest zum Jubil\u00e4um des Schulhauses dabei zu sein.Die Kinder der Schule Bodenacker zeigen am Freitag in<\/p>\n","protected":false},"author":1,"featured_media":0,"comment_status":"open","ping_status":"open","sticky":false,"template":"","format":"standard","meta":{"ngg_post_thumbnail":0,"footnotes":""},"categories":[1],"tags":[],"class_list":["post-3105","post","type-post","status-publish","format-standard","hentry","category-uncategorized"],"_links":{"self":[{"href":"https:\/\/brugg-west.ch\/index.php?rest_route=\/wp\/v2\/posts\/3105","targetHints":{"allow":["GET"]}}],"collection":[{"href":"https:\/\/brugg-west.ch\/index.php?rest_route=\/wp\/v2\/posts"}],"about":[{"href":"https:\/\/brugg-west.ch\/index.php?rest_route=\/wp\/v2\/types\/post"}],"author":[{"embeddable":true,"href":"https:\/\/brugg-west.ch\/index.php?rest_route=\/wp\/v2\/users\/1"}],"replies":[{"embeddable":true,"href":"https:\/\/brugg-west.ch\/index.php?rest_route=%2Fwp%2Fv2%2Fcomments&post=3105"}],"version-history":[{"count":2,"href":"https:\/\/brugg-west.ch\/index.php?rest_route=\/wp\/v2\/posts\/3105\/revisions"}],"predecessor-version":[{"id":3163,"href":"https:\/\/brugg-west.ch\/index.php?rest_route=\/wp\/v2\/posts\/3105\/revisions\/3163"}],"wp:attachment":[{"href":"https:\/\/brugg-west.ch\/index.php?rest_route=%2Fwp%2Fv2%2Fmedia&parent=3105"}],"wp:term":[{"taxonomy":"category","embeddable":true,"href":"https:\/\/brugg-west.ch\/index.php?rest_route=%2Fwp%2Fv2%2Fcategories&post=3105"},{"taxonomy":"post_tag","embeddable":true,"href":"https:\/\/brugg-west.ch\/index.php?rest_route=%2Fwp%2Fv2%2Ftags&post=3105"}],"curies":[{"name":"wp","href":"https:\/\/api.w.org\/{rel}","templated":true}]}}